{"id":950,"date":"2017-08-10T18:43:09","date_gmt":"2017-08-10T16:43:09","guid":{"rendered":"http:\/\/wordpress.judo-steinheim.de\/?p=950"},"modified":"2019-03-25T21:26:37","modified_gmt":"2019-03-25T20:26:37","slug":"judoteam-steinheim-am-ende-auf-platz-zwei","status":"publish","type":"post","link":"https:\/\/www.judo-steinheim.de\/index.php\/2017\/08\/10\/judoteam-steinheim-am-ende-auf-platz-zwei\/","title":{"rendered":"JudoTeam Steinheim am Ende auf Platz zwei"},"content":{"rendered":"\n<figure class=\"wp-block-image\"><img loading=\"lazy\" decoding=\"async\" width=\"500\" height=\"380\" src=\"http:\/\/wordpress.judo-steinheim.de\/wp-content\/uploads\/2019\/02\/17_08_10_Liga.jpg\" alt=\"\" class=\"wp-image-951\" srcset=\"https:\/\/www.judo-steinheim.de\/wp-content\/uploads\/2019\/02\/17_08_10_Liga.jpg 500w, https:\/\/www.judo-steinheim.de\/wp-content\/uploads\/2019\/02\/17_08_10_Liga-300x228.jpg 300w\" sizes=\"auto, (max-width: 500px) 85vw, 500px\" \/><\/figure>\n\n\n\n<p>Das M\u00e4nnerteam vom JudoTeam Steinheim konnte sich am letzten Kampftag der Landesliga auf Platz zwei der Tabelle vork\u00e4mpfen. Mit einem 5:2 Sieg starteten die K\u00e4mpfer aus der Urmenschenstadt gegen den TSV Schwieberdingen. <\/p>\n\n\n\n<!--more-->\n\n\n\n<p>Auch gegen die Sportvereinigung Feuerbach lie\u00df das JudoTeam nichts anbrennen. Die Br\u00fcder Felix und Moritz Huber, Lukas Tremmel und die Punktegaranten Marvin Kurz und Steffen Hoffmann holten die Z\u00e4hler f\u00fcr den Endstand von 5:2. Mit einem 6:1 fegte die Besetzung Hoffmann, Tremmel, Kurz, K\u00f6nig, Br\u00fcck und Felix Huber die K\u00e4mpfer vom JV Randori Stuttgart von der Matte. Nur Moritz Huber musste eine Niederlage einstecken. Mit gleicher, bewehrter Aufstellung ging es in die letzte Kampfbegegnung der Saison. Diesmal musste Lukas Tremmel einen Punkt abgeben. Aber auch der JC Herrenberg hat an diesem Tag keine Chance gegen das JudoTeam Steinheim, mit 6:1 gewannen die Steinheimer Judoka die letzte Begegnung der Saison und machten damit gleich vier Pl\u00e4tze in der Tabelle gut. F\u00fcr das JudoTeam Steinheim in dieser Saison Gordon Geiger, Moritz und Felix Huber, Steffen Hoffmann, Benjamin Worch, Jan K\u00f6nig, Peter Br\u00fcck, Lukas Tremmel, Oliver K\u00e4stle und Marvin Kurz an den Start gegangen.<\/p>\n","protected":false},"excerpt":{"rendered":"<p>Das M\u00e4nnerteam vom JudoTeam Steinheim konnte sich am letzten Kampftag der Landesliga auf Platz zwei der Tabelle vork\u00e4mpfen. Mit einem 5:2 Sieg starteten die K\u00e4mpfer aus der Urmenschenstadt gegen den TSV Schwieberdingen.<\/p>\n","protected":false},"author":2,"featured_media":0,"comment_status":"closed","ping_status":"open","sticky":false,"template":"","format":"standard","meta":{"footnotes":""},"categories":[5],"tags":[],"class_list":["post-950","post","type-post","status-publish","format-standard","hentry","category-news"],"_links":{"self":[{"href":"https:\/\/www.judo-steinheim.de\/index.php\/wp-json\/wp\/v2\/posts\/950","targetHints":{"allow":["GET"]}}],"collection":[{"href":"https:\/\/www.judo-steinheim.de\/index.php\/wp-json\/wp\/v2\/posts"}],"about":[{"href":"https:\/\/www.judo-steinheim.de\/index.php\/wp-json\/wp\/v2\/types\/post"}],"author":[{"embeddable":true,"href":"https:\/\/www.judo-steinheim.de\/index.php\/wp-json\/wp\/v2\/users\/2"}],"replies":[{"embeddable":true,"href":"https:\/\/www.judo-steinheim.de\/index.php\/wp-json\/wp\/v2\/comments?post=950"}],"version-history":[{"count":4,"href":"https:\/\/www.judo-steinheim.de\/index.php\/wp-json\/wp\/v2\/posts\/950\/revisions"}],"predecessor-version":[{"id":1404,"href":"https:\/\/www.judo-steinheim.de\/index.php\/wp-json\/wp\/v2\/posts\/950\/revisions\/1404"}],"wp:attachment":[{"href":"https:\/\/www.judo-steinheim.de\/index.php\/wp-json\/wp\/v2\/media?parent=950"}],"wp:term":[{"taxonomy":"category","embeddable":true,"href":"https:\/\/www.judo-steinheim.de\/index.php\/wp-json\/wp\/v2\/categories?post=950"},{"taxonomy":"post_tag","embeddable":true,"href":"https:\/\/www.judo-steinheim.de\/index.php\/wp-json\/wp\/v2\/tags?post=950"}],"curies":[{"name":"wp","href":"https:\/\/api.w.org\/{rel}","templated":true}]}}