{"id":492,"date":"2019-01-26T21:38:31","date_gmt":"2019-01-26T20:38:31","guid":{"rendered":"http:\/\/wordpress.judo-steinheim.de\/?p=492"},"modified":"2019-03-13T22:16:47","modified_gmt":"2019-03-13T21:16:47","slug":"ein-judo-orchester-da-staunt-judo-deutschland","status":"publish","type":"post","link":"https:\/\/www.judo-steinheim.de\/index.php\/2019\/01\/26\/ein-judo-orchester-da-staunt-judo-deutschland\/","title":{"rendered":"Ein Judo-Orchester \u2013 Da staunt Judo-Deutschland"},"content":{"rendered":"\n<figure class=\"wp-block-image\"><img loading=\"lazy\" decoding=\"async\" width=\"1024\" height=\"768\" src=\"http:\/\/wordpress.judo-steinheim.de\/wp-content\/uploads\/2019\/02\/20190126-15h49m01-AO8R3778-1024x768.jpg\" alt=\"\" class=\"wp-image-494\"\/><figcaption>Steinheimer Judoka beim Spielen der Nationalhymne<\/figcaption><\/figure>\n\n\n\n<p>Bei den Deutschen Einzelmeisterschaften der M\u00e4nner und Frauen hatte der Judonachwuchs vom JudoTeam Steinheim einen ganz besonderen Auftritt. Die Steinheimer gestalteten die Er\u00f6ffnungsfeier mit und \u00fcberraschten in der Stuttgart SCHARRena das Judobegeisterte Publikum.&nbsp;<\/p>\n\n\n\n<!--more-->\n\n\n\n<p>Nach einer tollen Judovorf\u00fchrung \u2013 einer Demonstration aus turnerischen Elementen und blitzsauberen Judotechniken \u2013 gab es von den fachkundigen Zuschauern viel Applaus. Damit war der Auftritt aber noch nicht zu Ende. Der Weg von der Matte ging direkt zu den Instrumenten und aus den Sportlern wurden Musiker und ein Orchester. Die Judokinder er\u00f6ffneten die nationalen Meisterschaften mit der deutschen Nationalhymne! Die \u00dcberraschung war gelungen und Steinheims Judoka waren stolz \u00fcber ihre gelungene Auff\u00fchrung. <\/p>\n\n\n\n<p>Sehr gelobt wurde der Auftritt von Martin Bobert, Pr\u00e4sident des W\u00fcrttembergischen Judoverbands, der von einer Einmaligkeit sprach, dass ein Judoverein zugleich auch ein \u201eJudo-Orchester\u201c mit seinen Kindern auf die Beine stellen kann. Unterst\u00fctzt wurde das Projekt von Daniela Kunkel. Die Steinheimer Judomutter hat das Orchester geleitet und mit den Kindern nach dem Judotraining flei\u00dfig geprobt. <\/p>\n\n\n\n<ul class=\"wp-block-gallery columns-2 is-cropped wp-block-gallery-1 is-layout-flex wp-block-gallery-is-layout-flex\"><li class=\"blocks-gallery-item\"><figure><a href=\"http:\/\/wordpress.judo-steinheim.de\/wp-content\/uploads\/2019\/02\/20190126-15h49m57-AO8R3790-1024x768.jpg\"><img loading=\"lazy\" decoding=\"async\" width=\"1024\" height=\"768\" src=\"http:\/\/wordpress.judo-steinheim.de\/wp-content\/uploads\/2019\/02\/20190126-15h49m57-AO8R3790-1024x768.jpg\" alt=\"\" data-id=\"496\" data-link=\"http:\/\/wordpress.judo-steinheim.de\/20190126-15h49m57-ao8r3790\/\" class=\"wp-image-496\" srcset=\"https:\/\/www.judo-steinheim.de\/wp-content\/uploads\/2019\/02\/20190126-15h49m57-AO8R3790-1024x768.jpg 1024w, https:\/\/www.judo-steinheim.de\/wp-content\/uploads\/2019\/02\/20190126-15h49m57-AO8R3790-300x225.jpg 300w, https:\/\/www.judo-steinheim.de\/wp-content\/uploads\/2019\/02\/20190126-15h49m57-AO8R3790-768x576.jpg 768w, https:\/\/www.judo-steinheim.de\/wp-content\/uploads\/2019\/02\/20190126-15h49m57-AO8R3790-1200x900.jpg 1200w, https:\/\/www.judo-steinheim.de\/wp-content\/uploads\/2019\/02\/20190126-15h49m57-AO8R3790.jpg 2048w\" sizes=\"auto, (max-width: 709px) 85vw, (max-width: 909px) 67vw, (max-width: 1362px) 62vw, 840px\" \/><\/a><\/figure><\/li><li class=\"blocks-gallery-item\"><figure><a href=\"http:\/\/wordpress.judo-steinheim.de\/wp-content\/uploads\/2019\/02\/20190126-15h49m36-AO8R3784-1024x768.jpg\"><img loading=\"lazy\" decoding=\"async\" width=\"1024\" height=\"768\" src=\"http:\/\/wordpress.judo-steinheim.de\/wp-content\/uploads\/2019\/02\/20190126-15h49m36-AO8R3784-1024x768.jpg\" alt=\"\" data-id=\"495\" data-link=\"http:\/\/wordpress.judo-steinheim.de\/20190126-15h49m36-ao8r3784\/\" class=\"wp-image-495\" srcset=\"https:\/\/www.judo-steinheim.de\/wp-content\/uploads\/2019\/02\/20190126-15h49m36-AO8R3784-1024x768.jpg 1024w, https:\/\/www.judo-steinheim.de\/wp-content\/uploads\/2019\/02\/20190126-15h49m36-AO8R3784-300x225.jpg 300w, https:\/\/www.judo-steinheim.de\/wp-content\/uploads\/2019\/02\/20190126-15h49m36-AO8R3784-768x576.jpg 768w, https:\/\/www.judo-steinheim.de\/wp-content\/uploads\/2019\/02\/20190126-15h49m36-AO8R3784-1200x900.jpg 1200w, https:\/\/www.judo-steinheim.de\/wp-content\/uploads\/2019\/02\/20190126-15h49m36-AO8R3784.jpg 2048w\" sizes=\"auto, (max-width: 709px) 85vw, (max-width: 909px) 67vw, (max-width: 1362px) 62vw, 840px\" \/><\/a><\/figure><\/li><\/ul>\n\n\n\n<p>Das Orchester setzte sich zusammen aus: Jacob Dobersch\u00fctz, Tim und Ole Kunkel (Geige), Vico Vogelgesang, Philipp Dobersch\u00fctz (Cello) , Yann-Luca Vaca Reuter, Valentin Fleischle (Euphonium), Piet Morlok (Horn), Tim Schneider (Trompete), Gustav Becker, Franziska Fleischle (Saxophon) und Oskar Becker (Klarinette). <\/p>\n","protected":false},"excerpt":{"rendered":"<p>Bei den Deutschen Einzelmeisterschaften der M\u00e4nner und Frauen hatte der Judonachwuchs vom JudoTeam Steinheim einen ganz besonderen Auftritt. Die Steinheimer gestalteten die Er\u00f6ffnungsfeier mit und \u00fcberraschten in der Stuttgart SCHARRena das Judobegeisterte Publikum.&nbsp;<\/p>\n","protected":false},"author":2,"featured_media":0,"comment_status":"closed","ping_status":"open","sticky":false,"template":"","format":"standard","meta":{"footnotes":""},"categories":[5],"tags":[],"class_list":["post-492","post","type-post","status-publish","format-standard","hentry","category-news"],"_links":{"self":[{"href":"https:\/\/www.judo-steinheim.de\/index.php\/wp-json\/wp\/v2\/posts\/492","targetHints":{"allow":["GET"]}}],"collection":[{"href":"https:\/\/www.judo-steinheim.de\/index.php\/wp-json\/wp\/v2\/posts"}],"about":[{"href":"https:\/\/www.judo-steinheim.de\/index.php\/wp-json\/wp\/v2\/types\/post"}],"author":[{"embeddable":true,"href":"https:\/\/www.judo-steinheim.de\/index.php\/wp-json\/wp\/v2\/users\/2"}],"replies":[{"embeddable":true,"href":"https:\/\/www.judo-steinheim.de\/index.php\/wp-json\/wp\/v2\/comments?post=492"}],"version-history":[{"count":8,"href":"https:\/\/www.judo-steinheim.de\/index.php\/wp-json\/wp\/v2\/posts\/492\/revisions"}],"predecessor-version":[{"id":1375,"href":"https:\/\/www.judo-steinheim.de\/index.php\/wp-json\/wp\/v2\/posts\/492\/revisions\/1375"}],"wp:attachment":[{"href":"https:\/\/www.judo-steinheim.de\/index.php\/wp-json\/wp\/v2\/media?parent=492"}],"wp:term":[{"taxonomy":"category","embeddable":true,"href":"https:\/\/www.judo-steinheim.de\/index.php\/wp-json\/wp\/v2\/categories?post=492"},{"taxonomy":"post_tag","embeddable":true,"href":"https:\/\/www.judo-steinheim.de\/index.php\/wp-json\/wp\/v2\/tags?post=492"}],"curies":[{"name":"wp","href":"https:\/\/api.w.org\/{rel}","templated":true}]}}