{"id":3668,"date":"2021-05-22T20:44:17","date_gmt":"2021-05-22T18:44:17","guid":{"rendered":"https:\/\/www.judo-steinheim.de\/?p=3668"},"modified":"2021-06-14T13:49:12","modified_gmt":"2021-06-14T11:49:12","slug":"es-geht-endlich-wieder-los","status":"publish","type":"post","link":"https:\/\/www.judo-steinheim.de\/index.php\/2021\/05\/22\/es-geht-endlich-wieder-los\/","title":{"rendered":"Es geht endlich wieder los!"},"content":{"rendered":"\n<figure class=\"wp-block-image size-large\"><img loading=\"lazy\" decoding=\"async\" width=\"900\" height=\"675\" src=\"https:\/\/www.judo-steinheim.de\/wp-content\/uploads\/2021\/05\/IMG-20200318-WA0009.jpg\" alt=\"\" class=\"wp-image-3669\" srcset=\"https:\/\/www.judo-steinheim.de\/wp-content\/uploads\/2021\/05\/IMG-20200318-WA0009.jpg 900w, https:\/\/www.judo-steinheim.de\/wp-content\/uploads\/2021\/05\/IMG-20200318-WA0009-300x225.jpg 300w, https:\/\/www.judo-steinheim.de\/wp-content\/uploads\/2021\/05\/IMG-20200318-WA0009-768x576.jpg 768w\" sizes=\"auto, (max-width: 709px) 85vw, (max-width: 909px) 67vw, (max-width: 1362px) 62vw, 840px\" \/><\/figure>\n\n\n\n<p>Liebe Judoka, Eltern und Mitglieder,<\/p>\n\n\n\n<p>die unter 13-J\u00e4hrigen sind schon flei\u00dfig am Trainieren. Und da sich die Lage derzeit etwas entspannt, kann es nach den Pfingstferien dann hoffentlich auch f\u00fcr die restlichen Judoka und Sportler mit dem Outdoor-Training wieder losgehen.<\/p>\n\n\n\n<!--more-->\n\n\n\n<p>Vorgesehen ist, dass ab dem 7. Juni wieder alle Gruppen (au\u00dfer Judom\u00e4use und Anf\u00e4ngerkurs) mit dem Training drau\u00dfen starten. Ab dem 21. Juni ist voraussichtlich auch wieder Training im Dojo m\u00f6glich, dann auch f\u00fcr die Judom\u00e4use und den Anf\u00e4ngerkurs.<\/p>\n\n\n\n<p>Das gilt alles nat\u00fcrlich vorbehaltlich der dann geltenden Corona-Regelungen.<\/p>\n\n\n\n<p>Trixi wird die Trainingszeiten und ggf. die Gruppeneinteilungen noch bekannt geben. <\/p>\n\n\n\n<p>Wir freuen auf das Wiedersehen mit euch!<\/p>\n\n\n\n<p>Viele Gr\u00fc\u00dfe,<br>das Vorstands-Team<\/p>\n","protected":false},"excerpt":{"rendered":"<p>Liebe Judoka, Eltern und Mitglieder, die unter 13-J\u00e4hrigen sind schon flei\u00dfig am Trainieren. Und da sich die Lage derzeit etwas entspannt, kann es nach den Pfingstferien dann hoffentlich auch f\u00fcr die restlichen Judoka und Sportler mit dem Outdoor-Training wieder losgehen.<\/p>\n","protected":false},"author":2,"featured_media":0,"comment_status":"closed","ping_status":"open","sticky":false,"template":"","format":"standard","meta":{"footnotes":""},"categories":[5],"tags":[],"class_list":["post-3668","post","type-post","status-publish","format-standard","hentry","category-news"],"_links":{"self":[{"href":"https:\/\/www.judo-steinheim.de\/index.php\/wp-json\/wp\/v2\/posts\/3668","targetHints":{"allow":["GET"]}}],"collection":[{"href":"https:\/\/www.judo-steinheim.de\/index.php\/wp-json\/wp\/v2\/posts"}],"about":[{"href":"https:\/\/www.judo-steinheim.de\/index.php\/wp-json\/wp\/v2\/types\/post"}],"author":[{"embeddable":true,"href":"https:\/\/www.judo-steinheim.de\/index.php\/wp-json\/wp\/v2\/users\/2"}],"replies":[{"embeddable":true,"href":"https:\/\/www.judo-steinheim.de\/index.php\/wp-json\/wp\/v2\/comments?post=3668"}],"version-history":[{"count":2,"href":"https:\/\/www.judo-steinheim.de\/index.php\/wp-json\/wp\/v2\/posts\/3668\/revisions"}],"predecessor-version":[{"id":3674,"href":"https:\/\/www.judo-steinheim.de\/index.php\/wp-json\/wp\/v2\/posts\/3668\/revisions\/3674"}],"wp:attachment":[{"href":"https:\/\/www.judo-steinheim.de\/index.php\/wp-json\/wp\/v2\/media?parent=3668"}],"wp:term":[{"taxonomy":"category","embeddable":true,"href":"https:\/\/www.judo-steinheim.de\/index.php\/wp-json\/wp\/v2\/categories?post=3668"},{"taxonomy":"post_tag","embeddable":true,"href":"https:\/\/www.judo-steinheim.de\/index.php\/wp-json\/wp\/v2\/tags?post=3668"}],"curies":[{"name":"wp","href":"https:\/\/api.w.org\/{rel}","templated":true}]}}