{"id":2810,"date":"2015-12-01T20:59:15","date_gmt":"2015-12-01T19:59:15","guid":{"rendered":"http:\/\/wordpress.judo-steinheim.de\/?p=2810"},"modified":"2020-02-14T21:04:29","modified_gmt":"2020-02-14T20:04:29","slug":"bronze-fuer-scheffold-bei-deutschen-pokalmeisterschaften","status":"publish","type":"post","link":"https:\/\/www.judo-steinheim.de\/index.php\/2015\/12\/01\/bronze-fuer-scheffold-bei-deutschen-pokalmeisterschaften\/","title":{"rendered":"Bronze f\u00fcr Scheffold bei Deutschen Pokalmeisterschaften"},"content":{"rendered":"\n<figure class=\"wp-block-image\"><img loading=\"lazy\" decoding=\"async\" width=\"326\" height=\"500\" src=\"http:\/\/wordpress.judo-steinheim.de\/wp-content\/uploads\/2020\/02\/15_11_28_Kuenzell.jpg\" alt=\"\" class=\"wp-image-2811\" srcset=\"https:\/\/www.judo-steinheim.de\/wp-content\/uploads\/2020\/02\/15_11_28_Kuenzell.jpg 326w, https:\/\/www.judo-steinheim.de\/wp-content\/uploads\/2020\/02\/15_11_28_Kuenzell-196x300.jpg 196w\" sizes=\"auto, (max-width: 326px) 85vw, 326px\" \/><\/figure>\n\n\n\n<p>Bei den Deutschen Pokalmeisterschaften der Frauen und M\u00e4nner erk\u00e4mpfte Steinheims Judotalent, Jana Scheffold in K\u00fcnzell eine Bronzemedaille in der Klasse bis 48 Kilogramm.<\/p>\n\n\n\n<!--more-->\n\n\n\n<p>Nach einem Freilos traf sie auf Anika Walldorf vom JC\nKim-Chi Wiesbaden. In der ersten Minute lie\u00df sich die Steinheimerin von einem\nUchi-Mata-Ansatz der Hessin \u00fcberraschen und musste daf\u00fcr eine kleine Wertung\nabgeben. Besonnen k\u00e4mpfte Scheffold weiter und erzielte den Ausgleich mit einem\nO-Uchi-Gari (Gro\u00dfe Innensichel). Im Bodenkampf f\u00fchrte sie die Technik zu einem\nsauberen herausgearbeiteten Haltegriff weiter und holte sich damit den\nvorzeitigen Sieg.<\/p>\n\n\n\n<p>Im Halbfinale setzte sie Jasmine Seifert vom KSV Budokan\nHeiligenstadt von Beginn unter Druck und brachte sie auch zu Fall. Diese\nAktionen waren dem Kampfrichter allerdings keine Z\u00e4hler wert. Einen kleinen\nVorteil konnte sich Scheffold dadurch aber doch herausarbeiten, denn Seifert\nbekam eine Bestrafung wegen Inaktivit\u00e4t. Ein gleichwertiger Wurfansatz der\nTh\u00fcringerin wurde mit einer kleinen Wertung belohnt. Diese war trotz der\ndominanten Kampfesf\u00fchrung von Scheffold schlie\u00dflich kampfentscheidend. <\/p>\n\n\n\n<p>Im kleinen Finale wollte Scheffold unbedingt das Ticket f\u00fcr\ndie nationalen Titelk\u00e4mpfe l\u00f6sen. Gegen Grete Riegert setzte sie gleich zu\nBeginn ein Achtungszeichen. Mit einem O-Goshi (Gro\u00dfer H\u00fcftwurf) erzielte sie\neine gro\u00dfe Wertung. Bronzenes Edelmetall sicherte sie sich mit einer\nSelbstfalltechnik noch vor Ablauf der ersten Kampfminute. <\/p>\n\n\n\n<p>Das JudoTeam Steinheim reist nun am 22. Januar 2016 mit\neinem Quartett zu den Deutschen Einzelmeisterschaften nach Hamburg. Neben Jana\nScheffold werden auch Guido Kramer, Rebecca Br\u00e4uninger und Steffen Hoffmann in\nder Hansestadt auf der Matte stehen.<\/p>\n","protected":false},"excerpt":{"rendered":"<p>Bei den Deutschen Pokalmeisterschaften der Frauen und M\u00e4nner erk\u00e4mpfte Steinheims Judotalent, Jana Scheffold in K\u00fcnzell eine Bronzemedaille in der Klasse bis 48 Kilogramm.<\/p>\n","protected":false},"author":2,"featured_media":0,"comment_status":"closed","ping_status":"open","sticky":false,"template":"","format":"standard","meta":{"footnotes":""},"categories":[5],"tags":[],"class_list":["post-2810","post","type-post","status-publish","format-standard","hentry","category-news"],"_links":{"self":[{"href":"https:\/\/www.judo-steinheim.de\/index.php\/wp-json\/wp\/v2\/posts\/2810","targetHints":{"allow":["GET"]}}],"collection":[{"href":"https:\/\/www.judo-steinheim.de\/index.php\/wp-json\/wp\/v2\/posts"}],"about":[{"href":"https:\/\/www.judo-steinheim.de\/index.php\/wp-json\/wp\/v2\/types\/post"}],"author":[{"embeddable":true,"href":"https:\/\/www.judo-steinheim.de\/index.php\/wp-json\/wp\/v2\/users\/2"}],"replies":[{"embeddable":true,"href":"https:\/\/www.judo-steinheim.de\/index.php\/wp-json\/wp\/v2\/comments?post=2810"}],"version-history":[{"count":1,"href":"https:\/\/www.judo-steinheim.de\/index.php\/wp-json\/wp\/v2\/posts\/2810\/revisions"}],"predecessor-version":[{"id":2812,"href":"https:\/\/www.judo-steinheim.de\/index.php\/wp-json\/wp\/v2\/posts\/2810\/revisions\/2812"}],"wp:attachment":[{"href":"https:\/\/www.judo-steinheim.de\/index.php\/wp-json\/wp\/v2\/media?parent=2810"}],"wp:term":[{"taxonomy":"category","embeddable":true,"href":"https:\/\/www.judo-steinheim.de\/index.php\/wp-json\/wp\/v2\/categories?post=2810"},{"taxonomy":"post_tag","embeddable":true,"href":"https:\/\/www.judo-steinheim.de\/index.php\/wp-json\/wp\/v2\/tags?post=2810"}],"curies":[{"name":"wp","href":"https:\/\/api.w.org\/{rel}","templated":true}]}}