{"id":2765,"date":"2015-09-20T20:46:48","date_gmt":"2015-09-20T18:46:48","guid":{"rendered":"http:\/\/wordpress.judo-steinheim.de\/?p=2765"},"modified":"2020-02-14T20:47:36","modified_gmt":"2020-02-14T19:47:36","slug":"rebecca-braeuninger-erkaempft-mit-dem-team-bronze-bei-europameisterschaften","status":"publish","type":"post","link":"https:\/\/www.judo-steinheim.de\/index.php\/2015\/09\/20\/rebecca-braeuninger-erkaempft-mit-dem-team-bronze-bei-europameisterschaften\/","title":{"rendered":"Rebecca Br\u00e4uninger erk\u00e4mpft mit dem Team Bronze bei Europameisterschaften"},"content":{"rendered":"\n<p>Bei den Junioren Europameisterschaften im \u00f6sterreichischen Oberwart sind 400\u00a0Judoka aus 41\u00a0Nationen am Start gewesen. Auch Rebecca Br\u00e4uninger vom JudoTeam Steinheim wollte im Burgenland um Medaillen mitk\u00e4mpfen, musste aber im Einzelwettbewerb bis 63\u00a0Kilogramm schon nach der ersten Begegnung die Segel streichen. <\/p>\n\n\n\n<!--more-->\n\n\n\n<p>Gegen die franz\u00f6sische Meisterin der Junioren von 2014, Clemente Eme, konnte sie sich nicht durchsetzen. Br\u00e4uningers Wurfans\u00e4tze waren nicht pr\u00e4zise genug und prallten an der Franz\u00f6sin ab. Die Pleidelsheimerin musste einer kleinen Wertung hinterherrennen und verlor schlie\u00dflich vorzeitig durch einen O-Soto-Gari (Gro\u00dfe Au\u00dfensichel). <\/p>\n\n\n\n<p>Einen Tag sp\u00e4ter beim Teamwettbewerb platzte der Knoten. Mit\nder Mannschaft im R\u00fccken zeigte das Steinheimer Judotalent, zu was sie in der\nLage ist. Bundestrainer Claudiu Pusa hatte ihr das Vertrauen geschenkt und sie\ngleich in der ersten Begegnung gegen die Niederlande aufgestellt. Die\nHoll\u00e4nder, mit drei Medaillentr\u00e4gern aus den Einzelwettbewerben, waren dabei\ndie Favoriten. Br\u00e4uninger traf in der Klasse bis 63&nbsp;Kilogramm auf die\nBronzemedaillengewinnerin vom Vortag, Geke van der Berg. Mit einem wahren\nWurffeuerwerk startet Br\u00e4uninger. Eine mit Uchi-Mata (Innenschenkelh\u00fcftwurf)\neingeleitete Wurfkombination brachte die erste kleine Wertung. Die gleiche\nWertung erzielte sie schlie\u00dflich mit ihrer Spezialtechnik, dem Uchi-Mata.\nDarauf folgte eine mittlere Wertung f\u00fcr einen H\u00fcftfeger und den Sack zu machte\nsie letztendlich mit einem Fu\u00dfstoppwurf. Deutschland konnte die Begegnung mit\n3:2 f\u00fcr sich entscheiden. <\/p>\n\n\n\n<p>Im Poolfinale gegen Frankreich war Br\u00e4uninger nicht im\nAufgebot. Das deutsche Nationalteam musste dabei eine knappe 2:3-Niederlage\neinstecken. Gegen Belgien war die K\u00e4mpferin aus der Urmenschenstadt wieder auf\nder Matte und am 5:0-Sieg beteiligt. Im Kampf um Bronze traf Deutschland auf\nKroatien und Br\u00e4uninger stand der f\u00fcnftplatzierten Buga Kovas gegen\u00fcber. Auch\nin dieser Begegnung gelang es ihr zu bestimmen und sie spielte ihre St\u00e4rke im\nBoden aus. Mit einer sauber herausgearbeiteten Bodentechnik konnte sie auch diesen\nKampf vorzeitig f\u00fcr sich entscheiden. Rebecca Br\u00e4uninger freute sich mit ihren\nTeam \u00fcber den 5:0-Sieg \u00fcber Kroatien und \u00fcber bronzenes Edelmetall bei den\nEuropameisterschaften. <\/p>\n\n\n\n<p>Es bleibt zu hoffen, dass sie das wieder gefundene\nSelbstvertrauen kompensieren kann und bei ihrem n\u00e4chsten H\u00f6hepunkt, den\nMilitary Olympic Games in Korea in zwei Wochen, psychisch gest\u00e4rkt auf die\nMatte geht.<\/p>\n","protected":false},"excerpt":{"rendered":"<p>Bei den Junioren Europameisterschaften im \u00f6sterreichischen Oberwart sind 400\u00a0Judoka aus 41\u00a0Nationen am Start gewesen. Auch Rebecca Br\u00e4uninger vom JudoTeam Steinheim wollte im Burgenland um Medaillen mitk\u00e4mpfen, musste aber im Einzelwettbewerb bis 63\u00a0Kilogramm schon nach der ersten Begegnung die Segel streichen.<\/p>\n","protected":false},"author":2,"featured_media":0,"comment_status":"closed","ping_status":"open","sticky":false,"template":"","format":"standard","meta":{"footnotes":""},"categories":[5],"tags":[],"class_list":["post-2765","post","type-post","status-publish","format-standard","hentry","category-news"],"_links":{"self":[{"href":"https:\/\/www.judo-steinheim.de\/index.php\/wp-json\/wp\/v2\/posts\/2765","targetHints":{"allow":["GET"]}}],"collection":[{"href":"https:\/\/www.judo-steinheim.de\/index.php\/wp-json\/wp\/v2\/posts"}],"about":[{"href":"https:\/\/www.judo-steinheim.de\/index.php\/wp-json\/wp\/v2\/types\/post"}],"author":[{"embeddable":true,"href":"https:\/\/www.judo-steinheim.de\/index.php\/wp-json\/wp\/v2\/users\/2"}],"replies":[{"embeddable":true,"href":"https:\/\/www.judo-steinheim.de\/index.php\/wp-json\/wp\/v2\/comments?post=2765"}],"version-history":[{"count":1,"href":"https:\/\/www.judo-steinheim.de\/index.php\/wp-json\/wp\/v2\/posts\/2765\/revisions"}],"predecessor-version":[{"id":2766,"href":"https:\/\/www.judo-steinheim.de\/index.php\/wp-json\/wp\/v2\/posts\/2765\/revisions\/2766"}],"wp:attachment":[{"href":"https:\/\/www.judo-steinheim.de\/index.php\/wp-json\/wp\/v2\/media?parent=2765"}],"wp:term":[{"taxonomy":"category","embeddable":true,"href":"https:\/\/www.judo-steinheim.de\/index.php\/wp-json\/wp\/v2\/categories?post=2765"},{"taxonomy":"post_tag","embeddable":true,"href":"https:\/\/www.judo-steinheim.de\/index.php\/wp-json\/wp\/v2\/tags?post=2765"}],"curies":[{"name":"wp","href":"https:\/\/api.w.org\/{rel}","templated":true}]}}