{"id":2233,"date":"2019-12-04T20:13:51","date_gmt":"2019-12-04T19:13:51","guid":{"rendered":"http:\/\/wordpress.judo-steinheim.de\/?p=2233"},"modified":"2019-12-04T20:13:51","modified_gmt":"2019-12-04T19:13:51","slug":"guido-kramer-wird-sueddeutscher-meister","status":"publish","type":"post","link":"https:\/\/www.judo-steinheim.de\/index.php\/2019\/12\/04\/guido-kramer-wird-sueddeutscher-meister\/","title":{"rendered":"Guido Kramer wird S\u00fcddeutscher Meister"},"content":{"rendered":"\n<figure class=\"wp-block-image\"><img loading=\"lazy\" decoding=\"async\" width=\"768\" height=\"1024\" src=\"http:\/\/wordpress.judo-steinheim.de\/wp-content\/uploads\/2019\/12\/Kramer-S\u00fcddeutscher-Meister-768x1024.jpg\" alt=\"\" class=\"wp-image-2234\" srcset=\"https:\/\/www.judo-steinheim.de\/wp-content\/uploads\/2019\/12\/Kramer-S\u00fcddeutscher-Meister-768x1024.jpg 768w, https:\/\/www.judo-steinheim.de\/wp-content\/uploads\/2019\/12\/Kramer-S\u00fcddeutscher-Meister-225x300.jpg 225w, https:\/\/www.judo-steinheim.de\/wp-content\/uploads\/2019\/12\/Kramer-S\u00fcddeutscher-Meister-1200x1600.jpg 1200w, https:\/\/www.judo-steinheim.de\/wp-content\/uploads\/2019\/12\/Kramer-S\u00fcddeutscher-Meister.jpg 1536w\" sizes=\"auto, (max-width: 709px) 85vw, (max-width: 909px) 67vw, (max-width: 984px) 61vw, (max-width: 1362px) 45vw, 600px\" \/><figcaption>Guido Kramer und Trixi K\u00e4stle<\/figcaption><\/figure>\n\n\n\n<p>Bei den S\u00fcddeutschen Einzelmeisterschaften in Besigheim erk\u00e4mpfte sich Guido Kramer vom JudoTeam Steinheim den Titel in der Klasse bis 90 Kilogramm.<\/p>\n\n\n\n<!--more-->\n\n\n\n<p>F\u00fcr Kramer waren diese Meisterschaften die letzte M\u00f6glichkeit eine Fahrkarte f\u00fcr die Deutschen Meisterschaften am 25.\/26. Januar 2020 in Stuttgart zu l\u00f6sen. Mit zwei vorzeitigen Siegen zog der Steinheimer in den Endkampf ein. Das Finale gegen Hendrik Eichner vom TSV Grafing gestaltet sich spanend und akrobatisch. Kramer machte sehr viele Wurfans\u00e4tze, doch der Bayer konnte sie alle mit turnerischem Gef\u00fchl abwehren, so dass er nicht auf dem R\u00fccken zu Fall kam. Mit einer Fu\u00dftechnik nach hinten erwischte ihn der Steinheimer letztendlich doch noch und sicherte sich damit den Titel in seiner Klasse ungef\u00e4hrdet. Marvin Kurz konnte an diesem Tag sein Ziel, die Qualifikation, zu den nationalen Titelk\u00e4mpfen nicht erreichen. Etwas ungl\u00fccklich reichte es f\u00fcr ihn an diesem Tag nur f\u00fcr Platz sieben.<\/p>\n","protected":false},"excerpt":{"rendered":"<p>Bei den S\u00fcddeutschen Einzelmeisterschaften in Besigheim erk\u00e4mpfte sich Guido Kramer vom JudoTeam Steinheim den Titel in der Klasse bis 90 Kilogramm.<\/p>\n","protected":false},"author":2,"featured_media":0,"comment_status":"closed","ping_status":"open","sticky":false,"template":"","format":"standard","meta":{"footnotes":""},"categories":[5],"tags":[],"class_list":["post-2233","post","type-post","status-publish","format-standard","hentry","category-news"],"_links":{"self":[{"href":"https:\/\/www.judo-steinheim.de\/index.php\/wp-json\/wp\/v2\/posts\/2233","targetHints":{"allow":["GET"]}}],"collection":[{"href":"https:\/\/www.judo-steinheim.de\/index.php\/wp-json\/wp\/v2\/posts"}],"about":[{"href":"https:\/\/www.judo-steinheim.de\/index.php\/wp-json\/wp\/v2\/types\/post"}],"author":[{"embeddable":true,"href":"https:\/\/www.judo-steinheim.de\/index.php\/wp-json\/wp\/v2\/users\/2"}],"replies":[{"embeddable":true,"href":"https:\/\/www.judo-steinheim.de\/index.php\/wp-json\/wp\/v2\/comments?post=2233"}],"version-history":[{"count":1,"href":"https:\/\/www.judo-steinheim.de\/index.php\/wp-json\/wp\/v2\/posts\/2233\/revisions"}],"predecessor-version":[{"id":2235,"href":"https:\/\/www.judo-steinheim.de\/index.php\/wp-json\/wp\/v2\/posts\/2233\/revisions\/2235"}],"wp:attachment":[{"href":"https:\/\/www.judo-steinheim.de\/index.php\/wp-json\/wp\/v2\/media?parent=2233"}],"wp:term":[{"taxonomy":"category","embeddable":true,"href":"https:\/\/www.judo-steinheim.de\/index.php\/wp-json\/wp\/v2\/categories?post=2233"},{"taxonomy":"post_tag","embeddable":true,"href":"https:\/\/www.judo-steinheim.de\/index.php\/wp-json\/wp\/v2\/tags?post=2233"}],"curies":[{"name":"wp","href":"https:\/\/api.w.org\/{rel}","templated":true}]}}