{"id":2223,"date":"2019-11-18T22:56:29","date_gmt":"2019-11-18T21:56:29","guid":{"rendered":"http:\/\/wordpress.judo-steinheim.de\/?p=2223"},"modified":"2019-11-18T22:56:29","modified_gmt":"2019-11-18T21:56:29","slug":"judo-mit-papa","status":"publish","type":"post","link":"https:\/\/www.judo-steinheim.de\/index.php\/2019\/11\/18\/judo-mit-papa\/","title":{"rendered":"Judo mit Papa"},"content":{"rendered":"\n<p>Keine Langeweile in den Weihnachtsferien und Papa hat Zeit!<\/p>\n\n\n\n<!--more-->\n\n\n\n<ul class=\"wp-block-list\"><li><strong>wann?<\/strong> 30.12.2019, 9.30 Uhr bis ca. 12.30 Uhr<\/li><li><strong>wer?<\/strong> 5- bis 9-j\u00e4hrige Judoka mit ihrem Papa<\/li><li><strong>was?<\/strong> gemeinsamer Sport, Papa unser Judok\u00f6nnen und erste Judogriffe zeigen, Raufen und Rangeln mit Papa, Regelkunde, Wei\u00dfwurstfr\u00fchst\u00fcck<\/li><li><strong>mitbringen?<\/strong> Judoanzug (Judoka) und Sportsachen (Papa) <\/li><li><strong>wieviel? <\/strong>7 Euro pro Person (ein Getr\u00e4nk und ein Paar W\u00fcrstchen &#8211; Wei\u00dfwurst oder Saiten &#8211; inkl.), zu \u00fcberweisen bis 19.12. an den Jugendf\u00f6rderverein<\/li><li><strong>bis wann? <\/strong>Anmeldung bis 19.12. \u00fcber <a href=\"https:\/\/judo-steinheim.doodle.com\/poll\/8mrr6rb9f8vbe4fi\" target=\"_blank\" rel=\"noreferrer noopener\" aria-label=\" (\u00f6ffnet in neuem Tab)\">Doodle<\/a><\/li><\/ul>\n\n\n\n<p><\/p>\n","protected":false},"excerpt":{"rendered":"<p>Keine Langeweile in den Weihnachtsferien und Papa hat Zeit!<\/p>\n","protected":false},"author":1,"featured_media":0,"comment_status":"closed","ping_status":"open","sticky":false,"template":"","format":"standard","meta":{"footnotes":""},"categories":[5],"tags":[],"class_list":["post-2223","post","type-post","status-publish","format-standard","hentry","category-news"],"_links":{"self":[{"href":"https:\/\/www.judo-steinheim.de\/index.php\/wp-json\/wp\/v2\/posts\/2223","targetHints":{"allow":["GET"]}}],"collection":[{"href":"https:\/\/www.judo-steinheim.de\/index.php\/wp-json\/wp\/v2\/posts"}],"about":[{"href":"https:\/\/www.judo-steinheim.de\/index.php\/wp-json\/wp\/v2\/types\/post"}],"author":[{"embeddable":true,"href":"https:\/\/www.judo-steinheim.de\/index.php\/wp-json\/wp\/v2\/users\/1"}],"replies":[{"embeddable":true,"href":"https:\/\/www.judo-steinheim.de\/index.php\/wp-json\/wp\/v2\/comments?post=2223"}],"version-history":[{"count":1,"href":"https:\/\/www.judo-steinheim.de\/index.php\/wp-json\/wp\/v2\/posts\/2223\/revisions"}],"predecessor-version":[{"id":2224,"href":"https:\/\/www.judo-steinheim.de\/index.php\/wp-json\/wp\/v2\/posts\/2223\/revisions\/2224"}],"wp:attachment":[{"href":"https:\/\/www.judo-steinheim.de\/index.php\/wp-json\/wp\/v2\/media?parent=2223"}],"wp:term":[{"taxonomy":"category","embeddable":true,"href":"https:\/\/www.judo-steinheim.de\/index.php\/wp-json\/wp\/v2\/categories?post=2223"},{"taxonomy":"post_tag","embeddable":true,"href":"https:\/\/www.judo-steinheim.de\/index.php\/wp-json\/wp\/v2\/tags?post=2223"}],"curies":[{"name":"wp","href":"https:\/\/api.w.org\/{rel}","templated":true}]}}