{"id":1860,"date":"2019-09-26T22:23:09","date_gmt":"2019-09-26T20:23:09","guid":{"rendered":"http:\/\/wordpress.judo-steinheim.de\/?p=1860"},"modified":"2019-10-01T22:26:56","modified_gmt":"2019-10-01T20:26:56","slug":"spannende-wettkaempfe-und-tolle-erfahrungen-erlebten-unsere-judokas-beim-bundesfinale-jtfo-judo-2019-in-berlin","status":"publish","type":"post","link":"https:\/\/www.judo-steinheim.de\/index.php\/2019\/09\/26\/spannende-wettkaempfe-und-tolle-erfahrungen-erlebten-unsere-judokas-beim-bundesfinale-jtfo-judo-2019-in-berlin\/","title":{"rendered":"Spannende Wettk\u00e4mpfe und tolle Erfahrungen erlebten unsere Judokas beim Bundesfinale JtfO Judo 2019 in Berlin"},"content":{"rendered":"\n<figure class=\"wp-block-image\"><img loading=\"lazy\" decoding=\"async\" width=\"1024\" height=\"772\" src=\"http:\/\/wordpress.judo-steinheim.de\/wp-content\/uploads\/2019\/10\/20190924_140347-1024x772.jpg\" alt=\"\" class=\"wp-image-1863\" srcset=\"https:\/\/www.judo-steinheim.de\/wp-content\/uploads\/2019\/10\/20190924_140347-1024x772.jpg 1024w, https:\/\/www.judo-steinheim.de\/wp-content\/uploads\/2019\/10\/20190924_140347-300x226.jpg 300w, https:\/\/www.judo-steinheim.de\/wp-content\/uploads\/2019\/10\/20190924_140347-768x579.jpg 768w, https:\/\/www.judo-steinheim.de\/wp-content\/uploads\/2019\/10\/20190924_140347-1200x905.jpg 1200w, https:\/\/www.judo-steinheim.de\/wp-content\/uploads\/2019\/10\/20190924_140347.jpg 2048w\" sizes=\"auto, (max-width: 709px) 85vw, (max-width: 909px) 67vw, (max-width: 1362px) 62vw, 840px\" \/><\/figure>\n\n\n\n<p>Vom 22. bis 26. September fand das Bundesfinale von Jugend trainiert f\u00fcr Olympia in der Sportart Judo in Berlin statt. F\u00fcr Baden W\u00fcrttemberg waren im Wettkampf III (Jahrgang 2004-2007) die Sch\u00fcler des FSG am Start. F\u00fcr die Mannschaft auf der Matte waren Julius Ziegner, Colin Rieg, PaulLuis Vaca Reuter, Malte Kritzer, Felix Eigen, Valentin Fleischle, Yann-Luca Vaca Reuter und Joshua Hall. <\/p>\n\n\n\n<!--more-->\n\n\n\n<p>Am Sonntag starteten die acht Judokas und ihr Betreuer Dirk Schneider ihre Fahrt in Richtung Berlin. Bereits im Zug traf die Gruppe auf viele andere Mannschaften, die ebenfalls zum Bundesfinale unterwegs waren. Um 18 Uhr stand dann bereits die erste Herausforderung an, das Wiegen. Da alle K\u00e4mpfer ihr Gewicht hatten, blieb noch genug Zeit, die bekanntesten Sehensw\u00fcrdigkeiten zu besichtigt. Besonders das Brandenburger Tor war beeindruckend und hinterlie\u00df einen bleibenden Eindruck.   <\/p>\n\n\n\n<p>Am Montag begann der Tag schon sehr fr\u00fch, da im Rahmen des 50-j\u00e4hrigen Jubil\u00e4ums von JtfO eine Er\u00f6ffnungsfeier im Olympiastadion auf dem Programm stand. Dabei durften unsere Jungs mit den anderen Vertretern aus Ba-W\u00fc gemeinsam ins Stadion einlaufen und den Flair des Olympiastadions genie\u00dfen. Da unser Wettkampf bereits um 13 Uhr angesetzt war, blieb leider kaum Zeit, das restliche Programm zu genie\u00dfen.  <\/p>\n\n\n\n<p>Der erste Kampf konnte gleich erfolgreich gestaltet werden. Mit 3:2 gewannen die FSGler gegen die Vertreter der Gesamtschule Bremen-Ost. Im zweiten Kampf gegen das Landesgymnasium f\u00fcr Sport Leipzig aus Sachsen, konnten unsere Judokas beim 0:5 zwar keine Punkte sammeln, daf\u00fcr aber hochklassige Wettkampferfahrung sammeln. Im letzten Kampf gegen das Heinrich Heine Gymnasium aus Kaiserslautern ging es dadurch im direkten Duell um den Einzug ins Viertelfinale. Nachdem die unteren Gewichtsklassen eine 2:1 F\u00fchrung erk\u00e4mpfen konnten, fehlte nur noch ein Sieg aus den letzten beiden K\u00e4mpfen. Leider waren an diesem Tag die Gegner einen Tick st\u00e4rker, sodass der Kampf gegen Rheinland Pfalz knapp mit 2:3 verloren wurde. Das hatte zur Folge, dass wir am Dienstag um die Pl\u00e4tze 9-16 k\u00e4mpfen mussten. An diesem Abend lie\u00df es die Mannschaft ruhig angehen und versuchte sich durch die Besichtigung der East Side Gallery und der Mercedes Benz Arena etwas abzulenken.  <\/p>\n\n\n\n<figure class=\"wp-block-image\"><img loading=\"lazy\" decoding=\"async\" width=\"1024\" height=\"498\" src=\"http:\/\/wordpress.judo-steinheim.de\/wp-content\/uploads\/2019\/10\/20190925_094802-1024x498.jpg\" alt=\"\" class=\"wp-image-1864\" srcset=\"https:\/\/www.judo-steinheim.de\/wp-content\/uploads\/2019\/10\/20190925_094802-1024x498.jpg 1024w, https:\/\/www.judo-steinheim.de\/wp-content\/uploads\/2019\/10\/20190925_094802-300x146.jpg 300w, https:\/\/www.judo-steinheim.de\/wp-content\/uploads\/2019\/10\/20190925_094802-768x373.jpg 768w, https:\/\/www.judo-steinheim.de\/wp-content\/uploads\/2019\/10\/20190925_094802-1200x583.jpg 1200w, https:\/\/www.judo-steinheim.de\/wp-content\/uploads\/2019\/10\/20190925_094802.jpg 2048w\" sizes=\"auto, (max-width: 709px) 85vw, (max-width: 909px) 67vw, (max-width: 1362px) 62vw, 840px\" \/><\/figure>\n\n\n\n<figure class=\"wp-block-image\"><img loading=\"lazy\" decoding=\"async\" width=\"1024\" height=\"498\" src=\"http:\/\/wordpress.judo-steinheim.de\/wp-content\/uploads\/2019\/10\/20190925_094855-1024x498.jpg\" alt=\"\" class=\"wp-image-1865\" srcset=\"https:\/\/www.judo-steinheim.de\/wp-content\/uploads\/2019\/10\/20190925_094855-1024x498.jpg 1024w, https:\/\/www.judo-steinheim.de\/wp-content\/uploads\/2019\/10\/20190925_094855-300x146.jpg 300w, https:\/\/www.judo-steinheim.de\/wp-content\/uploads\/2019\/10\/20190925_094855-768x373.jpg 768w, https:\/\/www.judo-steinheim.de\/wp-content\/uploads\/2019\/10\/20190925_094855-1200x583.jpg 1200w, https:\/\/www.judo-steinheim.de\/wp-content\/uploads\/2019\/10\/20190925_094855.jpg 2048w\" sizes=\"auto, (max-width: 709px) 85vw, (max-width: 909px) 67vw, (max-width: 1362px) 62vw, 840px\" \/><\/figure>\n\n\n\n<p>Der Finaltag startete diesmal p\u00fcnktlich um 10 Uhr mit dem Kampf gegen die Bertolt Brecht Schule aus N\u00fcrnberg.  Trotz einer soliden und konzentrierten Leistung, musste sich das Team wieder hauchd\u00fcnn mit 2:3 geschlagen geben. In den folgenden Platzierungsk\u00e4mpfen gegen die Christopherusschule aus Elze in Niedersachsen und gegen das Goethe Gymnasium aus Kassel zeigten die Jungs eine tolle Moral und konnten die Matte jeweils als Sieger verlassen. Dadurch erreichte die FSG-Mannschaft am Ende den 11. Platz. Damit beendete unsere sehr junge Mannschaft einen tollen Wettkampftag mit zwei Siegen und deutete bereits an, dass in den n\u00e4chsten Jahren noch mehr m\u00f6glich sein kann.   Am Mittwoch stand dann noch der Erg\u00e4nzungswettkampf \u201eMixed-Team\u201c auf dem Programm. Dabei starteten unsere Jungen gemeinsam mit den M\u00e4dchen vom Gymnasium Rutesheim als Team BaW\u00fc. Im ersten Kampf gegen Berlin war f\u00fcr unser Team nichts zu holen. Trotz starker Leistungen auf der Matte, ging der Kampf mit 0:6 verloren. Im anschlie\u00dfenden Kampf gegen die Vertreter aus Hessen, lief es zu Beginn sehr gut. Schnell konnte eine 3:1 F\u00fchrung erk\u00e4mpft werden. In der offenen Gewichtsklasse war dann allerdings kein Sieg mehr m\u00f6glich. Durch das Unentschieden entschied sich die Qualifikation f\u00fcrs Viertelfinale im Kampf zwischen Berlin und Hessen. Da Berlin seine <br> Mannschaft etwas umstellte, gelang Hessen ein 1:5, wodurch unser Team wieder in die Platzierungsk\u00e4mpfe um Platz 9 musste. In den K\u00e4mpfen gegen Niedersachsen und Nordrhein Westfalen hatte das Team dann keinerlei Probleme und sicherte sich mit zwei Siegen den neunten Platz im Gesamtklassement. Am Abend stand dann noch die Abschlussveranstaltung in der MaxSchmeling-Halle auf dem Programm, die einen tollen Abschluss unserer Berlinfahrt darstellte. <\/p>\n\n\n\n<p>Insgesamt erlebte das FSG-Judoteam in Berlin erlebnisreiche und aufregende Tage und konnte hochklassige Wettkampferfahrung sammeln. Das Ziel, sich in diesem Schuljahr erneut f\u00fcr das Finale zu qualifizieren, wurde durch die gesammelten Erfahrungen zus\u00e4tzlich gefestigt. <\/p>\n","protected":false},"excerpt":{"rendered":"<p>Vom 22. bis 26. September fand das Bundesfinale von Jugend trainiert f\u00fcr Olympia in der Sportart Judo in Berlin statt. F\u00fcr Baden W\u00fcrttemberg waren im Wettkampf III (Jahrgang 2004-2007) die Sch\u00fcler des FSG am Start. F\u00fcr die Mannschaft auf der Matte waren Julius Ziegner, Colin Rieg, PaulLuis Vaca Reuter, Malte Kritzer, Felix Eigen, Valentin Fleischle, &hellip; <a href=\"https:\/\/www.judo-steinheim.de\/index.php\/2019\/09\/26\/spannende-wettkaempfe-und-tolle-erfahrungen-erlebten-unsere-judokas-beim-bundesfinale-jtfo-judo-2019-in-berlin\/\" class=\"more-link\"><span class=\"screen-reader-text\">\u201eSpannende Wettk\u00e4mpfe und tolle Erfahrungen erlebten unsere Judokas beim Bundesfinale JtfO Judo 2019 in Berlin\u201c<\/span> weiterlesen<\/a><\/p>\n","protected":false},"author":1,"featured_media":0,"comment_status":"closed","ping_status":"open","sticky":false,"template":"","format":"standard","meta":{"footnotes":""},"categories":[5],"tags":[],"class_list":["post-1860","post","type-post","status-publish","format-standard","hentry","category-news"],"_links":{"self":[{"href":"https:\/\/www.judo-steinheim.de\/index.php\/wp-json\/wp\/v2\/posts\/1860","targetHints":{"allow":["GET"]}}],"collection":[{"href":"https:\/\/www.judo-steinheim.de\/index.php\/wp-json\/wp\/v2\/posts"}],"about":[{"href":"https:\/\/www.judo-steinheim.de\/index.php\/wp-json\/wp\/v2\/types\/post"}],"author":[{"embeddable":true,"href":"https:\/\/www.judo-steinheim.de\/index.php\/wp-json\/wp\/v2\/users\/1"}],"replies":[{"embeddable":true,"href":"https:\/\/www.judo-steinheim.de\/index.php\/wp-json\/wp\/v2\/comments?post=1860"}],"version-history":[{"count":3,"href":"https:\/\/www.judo-steinheim.de\/index.php\/wp-json\/wp\/v2\/posts\/1860\/revisions"}],"predecessor-version":[{"id":1866,"href":"https:\/\/www.judo-steinheim.de\/index.php\/wp-json\/wp\/v2\/posts\/1860\/revisions\/1866"}],"wp:attachment":[{"href":"https:\/\/www.judo-steinheim.de\/index.php\/wp-json\/wp\/v2\/media?parent=1860"}],"wp:term":[{"taxonomy":"category","embeddable":true,"href":"https:\/\/www.judo-steinheim.de\/index.php\/wp-json\/wp\/v2\/categories?post=1860"},{"taxonomy":"post_tag","embeddable":true,"href":"https:\/\/www.judo-steinheim.de\/index.php\/wp-json\/wp\/v2\/tags?post=1860"}],"curies":[{"name":"wp","href":"https:\/\/api.w.org\/{rel}","templated":true}]}}