{"id":1346,"date":"2017-02-11T11:46:46","date_gmt":"2017-02-11T10:46:46","guid":{"rendered":"http:\/\/wordpress.judo-steinheim.de\/?p=1346"},"modified":"2019-03-25T21:27:32","modified_gmt":"2019-03-25T20:27:32","slug":"kurz-sichert-sich-fahrkarte-zu-nationalen-titelkaempfen","status":"publish","type":"post","link":"https:\/\/www.judo-steinheim.de\/index.php\/2017\/02\/11\/kurz-sichert-sich-fahrkarte-zu-nationalen-titelkaempfen\/","title":{"rendered":"Kurz sichert sich Fahrkarte zu nationalen Titelk\u00e4mpfen"},"content":{"rendered":"\n<p>Bei den S\u00fcddeutschen Einzelmeisterschaften der Junioren\nkonnte sich Marvin Kurz eine Bronzemedaille in der Klasse bis 81 Kilogramm\nerk\u00e4mpfen und f\u00e4hrt nun Mitte M\u00e4rz zu den nationalen Titelk\u00e4mpfen.<\/p>\n\n\n\n<!--more-->\n\n\n\n<p>Kurz konnte dabei den Heimvorteil nutzen. Das JudoTeam\nSteinheim war Gastgeber dieser hochkar\u00e4tigen Meisterschaften und hat dabei in\nder Kirchberger Sporthalle wieder ein ausgezeichnetes Umfeld geschaffen. In\nseinem Auftaktkampf siegte der Lokalmatador gegen Savador Wasner vom JC\nGr\u00f6benzell mit einer gro\u00dfen Au\u00dfensichel. Gegen den zwei Jahre \u00e4lteren Tobias\nWirth vom JZ Heubach gab es ein ausgeglichenes Duell. Erst in der\nKampfzeitverl\u00e4ngerung gab es eine Kampf entscheidende Bestrafung zu Ungunsten\nvon Kurz. In der Trostrunde schaffte es der L\u00f6chgauer mit einem Sieg durch\nseine Spezialtechnik Uchi-Mata (Innenschenkelh\u00fcftwurf) gegen Moritz Suchy vom\nJC Jahn N\u00fcrnberg ins kleine Finale. Im Kampf um Platz drei sicherte er sich die\nFahrkarte zu den Deutschen Meisterschaften, gegen Marco Heimsch vom SV\nFellbach, durch Uchi-Mata.<\/p>\n","protected":false},"excerpt":{"rendered":"<p>Bei den S\u00fcddeutschen Einzelmeisterschaften der Junioren konnte sich Marvin Kurz eine Bronzemedaille in der Klasse bis 81 Kilogramm erk\u00e4mpfen und f\u00e4hrt nun Mitte M\u00e4rz zu den nationalen Titelk\u00e4mpfen.<\/p>\n","protected":false},"author":2,"featured_media":0,"comment_status":"closed","ping_status":"open","sticky":false,"template":"","format":"standard","meta":{"footnotes":""},"categories":[5],"tags":[],"class_list":["post-1346","post","type-post","status-publish","format-standard","hentry","category-news"],"_links":{"self":[{"href":"https:\/\/www.judo-steinheim.de\/index.php\/wp-json\/wp\/v2\/posts\/1346","targetHints":{"allow":["GET"]}}],"collection":[{"href":"https:\/\/www.judo-steinheim.de\/index.php\/wp-json\/wp\/v2\/posts"}],"about":[{"href":"https:\/\/www.judo-steinheim.de\/index.php\/wp-json\/wp\/v2\/types\/post"}],"author":[{"embeddable":true,"href":"https:\/\/www.judo-steinheim.de\/index.php\/wp-json\/wp\/v2\/users\/2"}],"replies":[{"embeddable":true,"href":"https:\/\/www.judo-steinheim.de\/index.php\/wp-json\/wp\/v2\/comments?post=1346"}],"version-history":[{"count":1,"href":"https:\/\/www.judo-steinheim.de\/index.php\/wp-json\/wp\/v2\/posts\/1346\/revisions"}],"predecessor-version":[{"id":1347,"href":"https:\/\/www.judo-steinheim.de\/index.php\/wp-json\/wp\/v2\/posts\/1346\/revisions\/1347"}],"wp:attachment":[{"href":"https:\/\/www.judo-steinheim.de\/index.php\/wp-json\/wp\/v2\/media?parent=1346"}],"wp:term":[{"taxonomy":"category","embeddable":true,"href":"https:\/\/www.judo-steinheim.de\/index.php\/wp-json\/wp\/v2\/categories?post=1346"},{"taxonomy":"post_tag","embeddable":true,"href":"https:\/\/www.judo-steinheim.de\/index.php\/wp-json\/wp\/v2\/tags?post=1346"}],"curies":[{"name":"wp","href":"https:\/\/api.w.org\/{rel}","templated":true}]}}