{"id":1270,"date":"2017-04-19T10:55:52","date_gmt":"2017-04-19T08:55:52","guid":{"rendered":"http:\/\/wordpress.judo-steinheim.de\/?p=1270"},"modified":"2019-03-25T21:27:04","modified_gmt":"2019-03-25T20:27:04","slug":"moritz-fischer-in-der-verbandsauswahl","status":"publish","type":"post","link":"https:\/\/www.judo-steinheim.de\/index.php\/2017\/04\/19\/moritz-fischer-in-der-verbandsauswahl\/","title":{"rendered":"Moritz Fischer in der Verbandsauswahl"},"content":{"rendered":"\n<figure class=\"wp-block-image\"><img loading=\"lazy\" decoding=\"async\" width=\"500\" height=\"333\" src=\"http:\/\/wordpress.judo-steinheim.de\/wp-content\/uploads\/2019\/02\/17_04_19_Duisburg.jpg\" alt=\"\" class=\"wp-image-1358\" srcset=\"https:\/\/www.judo-steinheim.de\/wp-content\/uploads\/2019\/02\/17_04_19_Duisburg.jpg 500w, https:\/\/www.judo-steinheim.de\/wp-content\/uploads\/2019\/02\/17_04_19_Duisburg-300x200.jpg 300w\" sizes=\"auto, (max-width: 500px) 85vw, 500px\" \/><\/figure>\n\n\n\n<p>Moritz Fischer vom JudoTeam Steinheim war das erste Mal mit\ndem Landeskader des W\u00fcrttembergischen-Judoverbandes auf der Wettkampfmatte.\nBeim Bundessichtungsturnier der Jugend unter sechzehn Jahren waren in Duisburg\n\u00fcber 300 Starter aus der gesamten Bundesrepublik, sowie aus Slowenien,\nTschechien, Belgien und den Niederlanden an den Start gegangen.<\/p>\n\n\n\n<!--more-->\n\n\n\n<p>Der Dreizehnj\u00e4hrige hatte sich mit einem dritten Platz beim\nSichtungsturnier der Jugend unter f\u00fcnfzehn Jahren in Backnang f\u00fcr diesen\nEinsatz empfohlen und bekam das Vertrauen von Landestrainer Thomas Schmid. Bei\nseinem ersten Start in der h\u00f6heren Altersklasse konnte er in der Klasse bis 60\nKilogramm mit einem Sieg durch Haltegriff starten. Auch beim Kampf Nummer zwei\nging der Steinheimer als Sieger von der Matte. Mit einem Fu\u00dffegewurf holte er\nStiven Friedrich aus Nordrhein-Westfalen von den F\u00fc\u00dfen und hielt ihn\nanschlie\u00dfend die geforderten zwanzig Sekunden fest. Im Bodenkampf unterlag er\neine Runde weiter dem sp\u00e4teren Turniersieger Tom Droste aus NRW mit Haltegriff.\nIn der Trostrunde hatte er gegen den Berliner Mika Habermann ebenfalls im\nBodenkampf das Nachsehen. <\/p>\n\n\n\n<p>Letztendlich war f\u00fcr Fischer die Turnierteilnahme ein guter Einstieg in die h\u00f6here Altersklasse und die gesammelten Erfahrungen sehr wichtig f\u00fcr seine sportliche Entwicklung.<\/p>\n","protected":false},"excerpt":{"rendered":"<p>Moritz Fischer vom JudoTeam Steinheim war das erste Mal mit dem Landeskader des W\u00fcrttembergischen-Judoverbandes auf der Wettkampfmatte. Beim Bundessichtungsturnier der Jugend unter sechzehn Jahren waren in Duisburg \u00fcber 300 Starter aus der gesamten Bundesrepublik, sowie aus Slowenien, Tschechien, Belgien und den Niederlanden an den Start gegangen.<\/p>\n","protected":false},"author":2,"featured_media":0,"comment_status":"closed","ping_status":"open","sticky":false,"template":"","format":"standard","meta":{"footnotes":""},"categories":[5],"tags":[],"class_list":["post-1270","post","type-post","status-publish","format-standard","hentry","category-news"],"_links":{"self":[{"href":"https:\/\/www.judo-steinheim.de\/index.php\/wp-json\/wp\/v2\/posts\/1270","targetHints":{"allow":["GET"]}}],"collection":[{"href":"https:\/\/www.judo-steinheim.de\/index.php\/wp-json\/wp\/v2\/posts"}],"about":[{"href":"https:\/\/www.judo-steinheim.de\/index.php\/wp-json\/wp\/v2\/types\/post"}],"author":[{"embeddable":true,"href":"https:\/\/www.judo-steinheim.de\/index.php\/wp-json\/wp\/v2\/users\/2"}],"replies":[{"embeddable":true,"href":"https:\/\/www.judo-steinheim.de\/index.php\/wp-json\/wp\/v2\/comments?post=1270"}],"version-history":[{"count":4,"href":"https:\/\/www.judo-steinheim.de\/index.php\/wp-json\/wp\/v2\/posts\/1270\/revisions"}],"predecessor-version":[{"id":1407,"href":"https:\/\/www.judo-steinheim.de\/index.php\/wp-json\/wp\/v2\/posts\/1270\/revisions\/1407"}],"wp:attachment":[{"href":"https:\/\/www.judo-steinheim.de\/index.php\/wp-json\/wp\/v2\/media?parent=1270"}],"wp:term":[{"taxonomy":"category","embeddable":true,"href":"https:\/\/www.judo-steinheim.de\/index.php\/wp-json\/wp\/v2\/categories?post=1270"},{"taxonomy":"post_tag","embeddable":true,"href":"https:\/\/www.judo-steinheim.de\/index.php\/wp-json\/wp\/v2\/tags?post=1270"}],"curies":[{"name":"wp","href":"https:\/\/api.w.org\/{rel}","templated":true}]}}